{"id":995,"date":"2012-04-11T13:30:22","date_gmt":"2012-04-11T13:30:22","guid":{"rendered":"http:\/\/kl.freeworker.de\/?p=995"},"modified":"2013-10-30T16:20:35","modified_gmt":"2013-10-30T14:20:35","slug":"wer-nicht-fliegen-kann-muss-klettern","status":"publish","type":"post","link":"https:\/\/baumkletterschule.de\/kletterblatt\/archiv\/2012\/wer-nicht-fliegen-kann-muss-klettern","title":{"rendered":"Wer nicht fliegen kann, muss klettern"},"content":{"rendered":"<p><a name=\"up\"><\/a><strong>Auf Augenh\u00f6he mit Seeadlern: Im Dezember 2011 fand in der M\u00fcnchner Baumkletterschule ein seltenes Treffen statt. Weltreisende Tierfilmer des angesehenen Teams von NautilusFilm brauchten eine Schulung, um in einem von langer Hand geplanten Projekt Seeadler bei der Aufzucht ihrer Jungen filmen zu k\u00f6nnen. Weil Seeadler nicht auf dem Boden, sondern in Horsten auf 30 Meter hohen B\u00e4umen br\u00fcten, m\u00fcssen sich die Kameraleute ebenfalls in diese H\u00f6he begeben \u2013 und dort bis zu 48 Stunden verharren. Wie also kommt man auf einen Baum und wie h\u00e4lt man sich dort oben? Ein klarer Fall f\u00fcr die M\u00fcnchner Baumkletterschule. Ein Bericht von Britta Arnold.<\/strong><br \/>\n<!--more--><\/p>\n<p lang=\"de-DE\">Ein spannendes Projekt haben die Leute von NautilusFilm jetzt vor sich. Sie produzieren derzeit im Auftrag von Gabriele Conze, Redaktion \u201eAbenteuer Erde\u201c (WDR, dienstags, 20:15Uhr) in Koproduktion mit ARTE einen Dokumentarfilm \u00fcber Seeadler in Mecklenburg-Vorpommern. Um die Aufzucht der Adlerjungen im Horst filmen zu k\u00f6nnen, mussten sie bereits Filmverstecke hoch oben in B\u00e4umen errichten. Um dort hinauf zu gelangen und die Kameratechnik sicher in diese Verstecke zu bef\u00f6rdern, galt es dann, ihre F\u00e4higkeiten in einem Aufstiegskurs zu schulen.<\/p>\n<p lang=\"de-DE\">\u201eNach einem ein Jahr w\u00e4hrenden Verfahren haben wir in Mecklenburg-Vorpommern die Ausnahmegenehmigungen von den relevanten Naturschutzbeh\u00f6rden und Forst\u00e4mtern erhalten, um die erforderlichen Baumverstecke errichten zu d\u00fcrfen,\u201c erz\u00e4hlt Jan Haft, Gr\u00fcnder von NautilusFilm und seit Jahrzehnten als Tierfilmer in aller Welt unterwegs. Mit Hilfe eines Profibaumkletterers und eines wissenschaftlichen Beraters hat das Team bereits Verstecke aus Aluminium mit einer Gr\u00f6\u00dfe von 1,8 mal 1,9 Metern Grundfl\u00e4che und 1,2 Metern H\u00f6he aus Tarnstoff konstruiert und diese au\u00dferhalb der Nestbau- und Brutzeit der Adler angebracht. \u201eWir mussten mehrere Verstecke anbringen, da die Adler nicht jedes Jahr im gleichen Nest br\u00fcten und man nicht wei\u00df, welches der Verstecke sp\u00e4ter wirklich dazu verhelfen wird, die gew\u00fcnschten Aufnahmen zu bekommen.\u201c Das Portrait \u00fcber Deutschlands Wappenvogel wird \u00fcbrigens 2014 fertig gestellt und wahrscheinlich noch im selben Jahr erstausgestrahlt.<\/p>\n<p lang=\"de-DE\"><strong>Viele Fragen und wichtige Antworten<\/strong><br \/>\nDie M\u00e4nner von NautilusFilm mussten lernen, wie man sich selbst und andere am Baum sichert und wie man einen Kollegen, der auf dem Baum in Schwierigkeiten geraten ist, befreit. Au\u00dferdem suchten sie fundierte Informationen \u00fcber die unterschiedlichen Seile und Materialien, die man f\u00fcr eine solche Expedition braucht.<br \/>\nFragen gab es auf beiden Seiten. Viel Zeit brachten die Tierfilmer nicht mit, gerade mal einen Tag hatte Paul Howard, Ausbilder bei der <a title=\"M\u00fcnchner Baumkletterschule\" href=\"http:\/\/www.baumkletterschule.de\" target=\"_blank\">M\u00fcnchner Baumkletterschule<\/a>, Zeit, die drei M\u00e4nner zu schulen. Und daf\u00fcr musste auch er zun\u00e4chst einige Fragen stellen. So begann der Schulungstag mit einem intensiven Austausch dar\u00fcber, was geschehen sollte, welche Herausforderungen sich dabei ergeben w\u00fcrden und welche F\u00e4higkeiten trainiert werden mussten.<\/p>\n<p lang=\"de-DE\"><strong>Nachfragen. Definieren. Trainieren.<\/strong><br \/>\nDie Aufgabe war ein Aufstiegskurs und die Sicherung eines l\u00e4ngeren Aufenthaltes in der H\u00f6he. Soviel war schon mal klar. Und dann ging Paul Howard weiter ins Detail. Er wollte genau wissen, was vor Ort geschehen musste und wie die Abl\u00e4ufe geplant waren, damit er sicher gehen konnte, die M\u00e4nner absolut passgenau und konzentriert ausbilden zu k\u00f6nnen: \u201eIch wusste nun, wo die kleine H\u00fctte war, zu der sie aufsteigen mussten. Ich wusste, dass sie nicht h\u00f6her klettern wollten, also nicht \u00fcber den Ankerpunkt hinaus, Und dann haben wir uns gemeinsam ein System ausgedacht, wie sie in ihre Beobachtungsh\u00fctte hinauf und wieder hinunterkommen, wie sie oben bleiben und sich sichern k\u00f6nnen und wie sie sich selbst oder einander zu Hilfe kommen k\u00f6nnten. Ich habe die Aufgabenstellung immer mehr eingekreist und dann war klar, wie wir vorgehen w\u00fcrden.\u201c<\/p>\n<p lang=\"de-DE\">Das System, das sich am besten f\u00fcr diese Situation anbietet, erf\u00fcllt drei Zwecke. Aufstieg, Materialbef\u00f6rderung und dazu verschiedene Rettungsm\u00f6glichkeiten. \u201eMit einem fest installierten Seil und einem umlaufenden System, das \u00fcber eine Rolle f\u00fchrt und von unten gesichert ist, hatten wir das Basis-System. Das passende Material haben wir bei <a title=\"Freeworker GmbH\" href=\"http:\/\/www.freeworker.de\" target=\"_blank\">Freeworker<\/a> mit Hannes Bludau zusammengestellt.\u201c<\/p>\n<p lang=\"de-DE\">Paul unterrichtete die Tierfilmer im Standardaufstieg, wie er auch im A-Kurs und in der Schulung f\u00fcr Geocacher gelehrt wird. Sie lernten den Umgang mit dem Sicherungs- und Abseilger\u00e4t Petzl <a title=\"I\u2019D bei Freeworker\" href=\"http:\/\/shop.freeworker.de\/catalogsearch\/result\/?q=I%27D&#038;ssub=Search\" target=\"_blank\">I\u2019D<\/a>, sowie den Einsatz mit Handsteigklemme und Trittschlinge. \u201eEs war wichtig, dass sie Methoden lernten, die schnell zu verstehen und dass die erforderliche Koordination schnell zu lernen war\u201c, erkl\u00e4rt Paul, \u201ees war wichtig, dass sie sofort vom Aufstieg zum Abstieg wechseln konnten, ohne ihr System umbauen zu m\u00fcssen, falls eine unvorhersehbare Gefahrensituation auftreten w\u00fcrde und schnelles Handeln gefragt w\u00e4re.\u201c<\/p>\n<p lang=\"de-DE\">Ein weiteres Thema an diesem ungew\u00f6hnlichen Schulungstag war das Thema Rettung. Paul schulte die Tierfilmer in drei verschiedenen Rettungsm\u00f6glichkeiten: einmal von unten \u00fcber das umlaufende System, und dann mit einem Aufstieg \u00fcber das Fix-Seil, um eine Partner- Rettung machen zu k\u00f6nnen \u2013 mit anschlie\u00dfender \u00dcbernahme des Kollegen in das eigene System, falls n\u00f6tig. \u201eDie Sicherung f\u00fcr den Einstieg und die Zeit ihres Aufenthaltes in den Baumverstecken haben wir mit\u00a0 dem Grillon gew\u00e4hrleistet, einem l\u00e4ngenverstellbaren Verbindungsmittel, das gen\u00fcgend Sicherheit und gen\u00fcgend Bewegungsfreiheit erlaubt.\u201c<\/p>\n<p lang=\"de-DE\">Es war eine ungew\u00f6hnliche Schulung, bei der tats\u00e4chlich alle Beteiligten eine Menge wichtiger Informationen f\u00fcr sich mitnehmen konnten. Jan Haft und sein Filmteam waren sehr angetan: \u201eEs war f\u00fcr uns eine positive \u00dcberraschung, wie professionell und zielgerichtet dieses Sicherheitstraining abgehalten wurde. Bei sch\u00f6nstem, sonnigem Winterwetter stellte uns die MBKS mit Paul Howard einen freundlichen und sehr kompetenten Trainer zur Verf\u00fcgung, der kurzweilig, verst\u00e4ndlich und klar strukturiert die ganze Theorie vermittelte. Beim praktischen Training hat er geduldig erkl\u00e4rt und uns die relevanten Kniffe und Tricks innerhalb k\u00fcrzester Zeit beigebracht.\u201c<\/p>\n<p lang=\"de-DE\">Neben dem Erkenntnisgewinn kam auch der Spa\u00df am Klettern nicht zu kurz. Jan Haft: \u201eDie MBKS hat uns die n\u00f6tigen Mittel an die Hand gegeben, um sicher und selbstst\u00e4ndig unsere Arbeit in der f\u00fcr uns ungew\u00f6hnlichen H\u00f6he von knapp 30 Metern in einem schwankenden Baum aus\u00fcben zu k\u00f6nnen.\u201c<\/p>\n<p lang=\"de-DE\">Tats\u00e4chlich hat das Team von NautilusFilm noch ein gutes St\u00fcck Abenteuer vor sich. Es wird erforderlich sein, dass ein einzelner Kameramann bis zu 48 Stunden am St\u00fcck in einem Baumversteck ausharrt. Da kann man ihnen nur die Daumen halten, dass Wind und Wetter ihnen gut gesonnen sind. Jan Haft ist da zuversichtlich:<br \/>\n\u201eDiese Aufnahmen werden viel von uns Kameram\u00e4nnern fordern. Wir freuen uns aber sehr auf diese Herausforderung und wissen jetzt ja auch, dass wir uns bei Fragen oder Problemen jederzeit mit der <a title=\"M\u00fcnchner Baumkletterschule\" href=\"http:\/\/www.baumkletterschule.de\" target=\"_blank\">MBKS<\/a> in Verbindung setzen k\u00f6nnen.\u201c K\u00f6nnen sie.<\/p>\n<table border=\"1\" bgcolor=\"#E1E1E1\">\n<tbody>\n<tr>\n<td>Die Autorin: <strong>Britta Arnold<\/strong> (<a href=\"mailto:ba@strategieundsprache.de\">E-Mail<\/a>)<br \/>\nM.A. Germanistik M\u00fcnchen und Boston, Redakteurin, \u00dcbersetzerin, Lektorin, Unternehmenskommunikation<\/td>\n<\/tr>\n<\/tbody>\n<\/table>\n<p>&nbsp;<br \/>\n<a title=\"Online bl\u00e4ttern im Kletterblatt 2012: &quot;Wer nicht fliegen kann, muss klettern&quot;\" href=\"..\/..\/blaettermagazin\/ausgabe-2012\/#94\" target=\"_blank\"><img loading=\"lazy\" decoding=\"async\" class=\"size-full wp-image-2908 alignleft\" title=\"Online bl\u00e4ttern im Kletterblatt 2012: &quot;Wer nicht fliegen kann, muss klettern&quot;\" alt=\"Online bl\u00e4ttern im Kletterblatt 2012: &quot;Wer nicht fliegen kann, muss klettern&quot;\" src=\"https:\/\/baumkletterschule.de\/kletterblatt\/wp-content\/uploads\/2013\/10\/buttons_onlinblaettern.png\" width=\"120\" height=\"30\" \/><\/a> <a href=\"#up\"><img loading=\"lazy\" decoding=\"async\" class=\"size-full wp-image-2909 alignleft\" alt=\"Nach oben\" src=\"https:\/\/baumkletterschule.de\/kletterblatt\/wp-content\/uploads\/2004\/04\/but_top.png\" width=\"120\" height=\"30\" \/><\/a><br \/>\n&nbsp;<\/p>\n","protected":false},"excerpt":{"rendered":"<p>Auf Augenh\u00f6he mit Seeadlern: Im Dezember 2011 fand in der M\u00fcnchner Baumkletterschule ein seltenes Treffen statt. Weltreisende Tierfilmer des angesehenen Teams von NautilusFilm brauchten eine Schulung, um in einem von langer Hand geplanten Projekt Seeadler bei der Aufzucht ihrer Jungen filmen zu k\u00f6nnen. Weil Seeadler nicht auf dem Boden, sondern in Horsten auf 30 Meter hohen B\u00e4umen br\u00fcten, m\u00fcssen sich [&hellip;]<\/p>\n","protected":false},"author":2,"featured_media":0,"comment_status":"open","ping_status":"closed","sticky":false,"template":"","format":"standard","meta":{"ngg_post_thumbnail":0,"footnotes":""},"categories":[12],"tags":[104,284,327,416],"class_list":["post-995","post","type-post","status-publish","format-standard","hentry","category-report","tag-britta-arnold","tag-kurs","tag-muenchner-baumkletterschule","tag-skt-a"],"yoast_head":"<!-- This site is optimized with the Yoast SEO plugin v27.5 - https:\/\/yoast.com\/product\/yoast-seo-wordpress\/ -->\n<title>Wer nicht fliegen kann, muss klettern - Kletterblatt<\/title>\n<meta name=\"robots\" content=\"index, follow, max-snippet:-1, max-image-preview:large, max-video-preview:-1\" \/>\n<link rel=\"canonical\" href=\"https:\/\/baumkletterschule.de\/kletterblatt\/archiv\/2012\/wer-nicht-fliegen-kann-muss-klettern\" \/>\n<meta property=\"og:locale\" content=\"de_DE\" \/>\n<meta property=\"og:type\" content=\"article\" \/>\n<meta property=\"og:title\" content=\"Wer nicht fliegen kann, muss klettern - Kletterblatt\" \/>\n<meta property=\"og:description\" content=\"Auf Augenh\u00f6he mit Seeadlern: Im Dezember 2011 fand in der M\u00fcnchner Baumkletterschule ein seltenes Treffen statt. Weltreisende Tierfilmer des angesehenen Teams von NautilusFilm brauchten eine Schulung, um in einem von langer Hand geplanten Projekt Seeadler bei der Aufzucht ihrer Jungen filmen zu k\u00f6nnen. Weil Seeadler nicht auf dem Boden, sondern in Horsten auf 30 Meter hohen B\u00e4umen br\u00fcten, m\u00fcssen sich [&hellip;]\" \/>\n<meta property=\"og:url\" content=\"https:\/\/baumkletterschule.de\/kletterblatt\/archiv\/2012\/wer-nicht-fliegen-kann-muss-klettern\" \/>\n<meta property=\"og:site_name\" content=\"Kletterblatt\" \/>\n<meta property=\"article:published_time\" content=\"2012-04-11T13:30:22+00:00\" \/>\n<meta property=\"article:modified_time\" content=\"2013-10-30T14:20:35+00:00\" \/>\n<meta property=\"og:image\" content=\"https:\/\/baumkletterschule.de\/kletterblatt\/wp-content\/uploads\/2013\/10\/buttons_onlinblaettern.png\" \/>\n<meta name=\"author\" content=\"Kletterblatt\" \/>\n<meta name=\"twitter:label1\" content=\"Verfasst von\" \/>\n\t<meta name=\"twitter:data1\" content=\"Kletterblatt\" \/>\n\t<meta name=\"twitter:label2\" content=\"Gesch\u00e4tzte Lesezeit\" \/>\n\t<meta name=\"twitter:data2\" content=\"6\u00a0Minuten\" \/>\n<script type=\"application\/ld+json\" class=\"yoast-schema-graph\">{\"@context\":\"https:\\\/\\\/schema.org\",\"@graph\":[{\"@type\":\"Article\",\"@id\":\"https:\\\/\\\/baumkletterschule.de\\\/kletterblatt\\\/archiv\\\/2012\\\/wer-nicht-fliegen-kann-muss-klettern#article\",\"isPartOf\":{\"@id\":\"https:\\\/\\\/baumkletterschule.de\\\/kletterblatt\\\/archiv\\\/2012\\\/wer-nicht-fliegen-kann-muss-klettern\"},\"author\":{\"name\":\"Kletterblatt\",\"@id\":\"https:\\\/\\\/baumkletterschule.de\\\/kletterblatt\\\/#\\\/schema\\\/person\\\/fd4a9e00063f1b0994f9f6152cbfe62f\"},\"headline\":\"Wer nicht fliegen kann, muss klettern\",\"datePublished\":\"2012-04-11T13:30:22+00:00\",\"dateModified\":\"2013-10-30T14:20:35+00:00\",\"mainEntityOfPage\":{\"@id\":\"https:\\\/\\\/baumkletterschule.de\\\/kletterblatt\\\/archiv\\\/2012\\\/wer-nicht-fliegen-kann-muss-klettern\"},\"wordCount\":1118,\"commentCount\":0,\"image\":{\"@id\":\"https:\\\/\\\/baumkletterschule.de\\\/kletterblatt\\\/archiv\\\/2012\\\/wer-nicht-fliegen-kann-muss-klettern#primaryimage\"},\"thumbnailUrl\":\"https:\\\/\\\/baumkletterschule.de\\\/kletterblatt\\\/wp-content\\\/uploads\\\/2013\\\/10\\\/buttons_onlinblaettern.png\",\"keywords\":[\"Britta Arnold\",\"Kurs\",\"M\u00fcnchner Baumkletterschule\",\"SKT-A\"],\"articleSection\":[\"Report\"],\"inLanguage\":\"de\",\"potentialAction\":[{\"@type\":\"CommentAction\",\"name\":\"Comment\",\"target\":[\"https:\\\/\\\/baumkletterschule.de\\\/kletterblatt\\\/archiv\\\/2012\\\/wer-nicht-fliegen-kann-muss-klettern#respond\"]}]},{\"@type\":\"WebPage\",\"@id\":\"https:\\\/\\\/baumkletterschule.de\\\/kletterblatt\\\/archiv\\\/2012\\\/wer-nicht-fliegen-kann-muss-klettern\",\"url\":\"https:\\\/\\\/baumkletterschule.de\\\/kletterblatt\\\/archiv\\\/2012\\\/wer-nicht-fliegen-kann-muss-klettern\",\"name\":\"Wer nicht fliegen kann, muss klettern - Kletterblatt\",\"isPartOf\":{\"@id\":\"https:\\\/\\\/baumkletterschule.de\\\/kletterblatt\\\/#website\"},\"primaryImageOfPage\":{\"@id\":\"https:\\\/\\\/baumkletterschule.de\\\/kletterblatt\\\/archiv\\\/2012\\\/wer-nicht-fliegen-kann-muss-klettern#primaryimage\"},\"image\":{\"@id\":\"https:\\\/\\\/baumkletterschule.de\\\/kletterblatt\\\/archiv\\\/2012\\\/wer-nicht-fliegen-kann-muss-klettern#primaryimage\"},\"thumbnailUrl\":\"https:\\\/\\\/baumkletterschule.de\\\/kletterblatt\\\/wp-content\\\/uploads\\\/2013\\\/10\\\/buttons_onlinblaettern.png\",\"datePublished\":\"2012-04-11T13:30:22+00:00\",\"dateModified\":\"2013-10-30T14:20:35+00:00\",\"author\":{\"@id\":\"https:\\\/\\\/baumkletterschule.de\\\/kletterblatt\\\/#\\\/schema\\\/person\\\/fd4a9e00063f1b0994f9f6152cbfe62f\"},\"breadcrumb\":{\"@id\":\"https:\\\/\\\/baumkletterschule.de\\\/kletterblatt\\\/archiv\\\/2012\\\/wer-nicht-fliegen-kann-muss-klettern#breadcrumb\"},\"inLanguage\":\"de\",\"potentialAction\":[{\"@type\":\"ReadAction\",\"target\":[\"https:\\\/\\\/baumkletterschule.de\\\/kletterblatt\\\/archiv\\\/2012\\\/wer-nicht-fliegen-kann-muss-klettern\"]}]},{\"@type\":\"ImageObject\",\"inLanguage\":\"de\",\"@id\":\"https:\\\/\\\/baumkletterschule.de\\\/kletterblatt\\\/archiv\\\/2012\\\/wer-nicht-fliegen-kann-muss-klettern#primaryimage\",\"url\":\"https:\\\/\\\/baumkletterschule.de\\\/kletterblatt\\\/wp-content\\\/uploads\\\/2013\\\/10\\\/buttons_onlinblaettern.png\",\"contentUrl\":\"https:\\\/\\\/baumkletterschule.de\\\/kletterblatt\\\/wp-content\\\/uploads\\\/2013\\\/10\\\/buttons_onlinblaettern.png\",\"width\":120,\"height\":30},{\"@type\":\"BreadcrumbList\",\"@id\":\"https:\\\/\\\/baumkletterschule.de\\\/kletterblatt\\\/archiv\\\/2012\\\/wer-nicht-fliegen-kann-muss-klettern#breadcrumb\",\"itemListElement\":[{\"@type\":\"ListItem\",\"position\":1,\"name\":\"Home\",\"item\":\"https:\\\/\\\/baumkletterschule.de\\\/kletterblatt\\\/\"},{\"@type\":\"ListItem\",\"position\":2,\"name\":\"Wer nicht fliegen kann, muss klettern\"}]},{\"@type\":\"WebSite\",\"@id\":\"https:\\\/\\\/baumkletterschule.de\\\/kletterblatt\\\/#website\",\"url\":\"https:\\\/\\\/baumkletterschule.de\\\/kletterblatt\\\/\",\"name\":\"Kletterblatt\",\"description\":\"Das Online Archiv\",\"potentialAction\":[{\"@type\":\"SearchAction\",\"target\":{\"@type\":\"EntryPoint\",\"urlTemplate\":\"https:\\\/\\\/baumkletterschule.de\\\/kletterblatt\\\/?s={search_term_string}\"},\"query-input\":{\"@type\":\"PropertyValueSpecification\",\"valueRequired\":true,\"valueName\":\"search_term_string\"}}],\"inLanguage\":\"de\"},{\"@type\":\"Person\",\"@id\":\"https:\\\/\\\/baumkletterschule.de\\\/kletterblatt\\\/#\\\/schema\\\/person\\\/fd4a9e00063f1b0994f9f6152cbfe62f\",\"name\":\"Kletterblatt\",\"url\":\"https:\\\/\\\/baumkletterschule.de\\\/kletterblatt\\\/archiv\\\/author\\\/kletterblatt\"}]}<\/script>\n<!-- \/ Yoast SEO plugin. -->","yoast_head_json":{"title":"Wer nicht fliegen kann, muss klettern - Kletterblatt","robots":{"index":"index","follow":"follow","max-snippet":"max-snippet:-1","max-image-preview":"max-image-preview:large","max-video-preview":"max-video-preview:-1"},"canonical":"https:\/\/baumkletterschule.de\/kletterblatt\/archiv\/2012\/wer-nicht-fliegen-kann-muss-klettern","og_locale":"de_DE","og_type":"article","og_title":"Wer nicht fliegen kann, muss klettern - Kletterblatt","og_description":"Auf Augenh\u00f6he mit Seeadlern: Im Dezember 2011 fand in der M\u00fcnchner Baumkletterschule ein seltenes Treffen statt. Weltreisende Tierfilmer des angesehenen Teams von NautilusFilm brauchten eine Schulung, um in einem von langer Hand geplanten Projekt Seeadler bei der Aufzucht ihrer Jungen filmen zu k\u00f6nnen. Weil Seeadler nicht auf dem Boden, sondern in Horsten auf 30 Meter hohen B\u00e4umen br\u00fcten, m\u00fcssen sich [&hellip;]","og_url":"https:\/\/baumkletterschule.de\/kletterblatt\/archiv\/2012\/wer-nicht-fliegen-kann-muss-klettern","og_site_name":"Kletterblatt","article_published_time":"2012-04-11T13:30:22+00:00","article_modified_time":"2013-10-30T14:20:35+00:00","og_image":[{"url":"https:\/\/baumkletterschule.de\/kletterblatt\/wp-content\/uploads\/2013\/10\/buttons_onlinblaettern.png","type":"","width":"","height":""}],"author":"Kletterblatt","twitter_misc":{"Verfasst von":"Kletterblatt","Gesch\u00e4tzte Lesezeit":"6\u00a0Minuten"},"schema":{"@context":"https:\/\/schema.org","@graph":[{"@type":"Article","@id":"https:\/\/baumkletterschule.de\/kletterblatt\/archiv\/2012\/wer-nicht-fliegen-kann-muss-klettern#article","isPartOf":{"@id":"https:\/\/baumkletterschule.de\/kletterblatt\/archiv\/2012\/wer-nicht-fliegen-kann-muss-klettern"},"author":{"name":"Kletterblatt","@id":"https:\/\/baumkletterschule.de\/kletterblatt\/#\/schema\/person\/fd4a9e00063f1b0994f9f6152cbfe62f"},"headline":"Wer nicht fliegen kann, muss klettern","datePublished":"2012-04-11T13:30:22+00:00","dateModified":"2013-10-30T14:20:35+00:00","mainEntityOfPage":{"@id":"https:\/\/baumkletterschule.de\/kletterblatt\/archiv\/2012\/wer-nicht-fliegen-kann-muss-klettern"},"wordCount":1118,"commentCount":0,"image":{"@id":"https:\/\/baumkletterschule.de\/kletterblatt\/archiv\/2012\/wer-nicht-fliegen-kann-muss-klettern#primaryimage"},"thumbnailUrl":"https:\/\/baumkletterschule.de\/kletterblatt\/wp-content\/uploads\/2013\/10\/buttons_onlinblaettern.png","keywords":["Britta Arnold","Kurs","M\u00fcnchner Baumkletterschule","SKT-A"],"articleSection":["Report"],"inLanguage":"de","potentialAction":[{"@type":"CommentAction","name":"Comment","target":["https:\/\/baumkletterschule.de\/kletterblatt\/archiv\/2012\/wer-nicht-fliegen-kann-muss-klettern#respond"]}]},{"@type":"WebPage","@id":"https:\/\/baumkletterschule.de\/kletterblatt\/archiv\/2012\/wer-nicht-fliegen-kann-muss-klettern","url":"https:\/\/baumkletterschule.de\/kletterblatt\/archiv\/2012\/wer-nicht-fliegen-kann-muss-klettern","name":"Wer nicht fliegen kann, muss klettern - Kletterblatt","isPartOf":{"@id":"https:\/\/baumkletterschule.de\/kletterblatt\/#website"},"primaryImageOfPage":{"@id":"https:\/\/baumkletterschule.de\/kletterblatt\/archiv\/2012\/wer-nicht-fliegen-kann-muss-klettern#primaryimage"},"image":{"@id":"https:\/\/baumkletterschule.de\/kletterblatt\/archiv\/2012\/wer-nicht-fliegen-kann-muss-klettern#primaryimage"},"thumbnailUrl":"https:\/\/baumkletterschule.de\/kletterblatt\/wp-content\/uploads\/2013\/10\/buttons_onlinblaettern.png","datePublished":"2012-04-11T13:30:22+00:00","dateModified":"2013-10-30T14:20:35+00:00","author":{"@id":"https:\/\/baumkletterschule.de\/kletterblatt\/#\/schema\/person\/fd4a9e00063f1b0994f9f6152cbfe62f"},"breadcrumb":{"@id":"https:\/\/baumkletterschule.de\/kletterblatt\/archiv\/2012\/wer-nicht-fliegen-kann-muss-klettern#breadcrumb"},"inLanguage":"de","potentialAction":[{"@type":"ReadAction","target":["https:\/\/baumkletterschule.de\/kletterblatt\/archiv\/2012\/wer-nicht-fliegen-kann-muss-klettern"]}]},{"@type":"ImageObject","inLanguage":"de","@id":"https:\/\/baumkletterschule.de\/kletterblatt\/archiv\/2012\/wer-nicht-fliegen-kann-muss-klettern#primaryimage","url":"https:\/\/baumkletterschule.de\/kletterblatt\/wp-content\/uploads\/2013\/10\/buttons_onlinblaettern.png","contentUrl":"https:\/\/baumkletterschule.de\/kletterblatt\/wp-content\/uploads\/2013\/10\/buttons_onlinblaettern.png","width":120,"height":30},{"@type":"BreadcrumbList","@id":"https:\/\/baumkletterschule.de\/kletterblatt\/archiv\/2012\/wer-nicht-fliegen-kann-muss-klettern#breadcrumb","itemListElement":[{"@type":"ListItem","position":1,"name":"Home","item":"https:\/\/baumkletterschule.de\/kletterblatt\/"},{"@type":"ListItem","position":2,"name":"Wer nicht fliegen kann, muss klettern"}]},{"@type":"WebSite","@id":"https:\/\/baumkletterschule.de\/kletterblatt\/#website","url":"https:\/\/baumkletterschule.de\/kletterblatt\/","name":"Kletterblatt","description":"Das Online Archiv","potentialAction":[{"@type":"SearchAction","target":{"@type":"EntryPoint","urlTemplate":"https:\/\/baumkletterschule.de\/kletterblatt\/?s={search_term_string}"},"query-input":{"@type":"PropertyValueSpecification","valueRequired":true,"valueName":"search_term_string"}}],"inLanguage":"de"},{"@type":"Person","@id":"https:\/\/baumkletterschule.de\/kletterblatt\/#\/schema\/person\/fd4a9e00063f1b0994f9f6152cbfe62f","name":"Kletterblatt","url":"https:\/\/baumkletterschule.de\/kletterblatt\/archiv\/author\/kletterblatt"}]}},"_links":{"self":[{"href":"https:\/\/baumkletterschule.de\/kletterblatt\/wp-json\/wp\/v2\/posts\/995","targetHints":{"allow":["GET"]}}],"collection":[{"href":"https:\/\/baumkletterschule.de\/kletterblatt\/wp-json\/wp\/v2\/posts"}],"about":[{"href":"https:\/\/baumkletterschule.de\/kletterblatt\/wp-json\/wp\/v2\/types\/post"}],"author":[{"embeddable":true,"href":"https:\/\/baumkletterschule.de\/kletterblatt\/wp-json\/wp\/v2\/users\/2"}],"replies":[{"embeddable":true,"href":"https:\/\/baumkletterschule.de\/kletterblatt\/wp-json\/wp\/v2\/comments?post=995"}],"version-history":[{"count":9,"href":"https:\/\/baumkletterschule.de\/kletterblatt\/wp-json\/wp\/v2\/posts\/995\/revisions"}],"predecessor-version":[{"id":5259,"href":"https:\/\/baumkletterschule.de\/kletterblatt\/wp-json\/wp\/v2\/posts\/995\/revisions\/5259"}],"wp:attachment":[{"href":"https:\/\/baumkletterschule.de\/kletterblatt\/wp-json\/wp\/v2\/media?parent=995"}],"wp:term":[{"taxonomy":"category","embeddable":true,"href":"https:\/\/baumkletterschule.de\/kletterblatt\/wp-json\/wp\/v2\/categories?post=995"},{"taxonomy":"post_tag","embeddable":true,"href":"https:\/\/baumkletterschule.de\/kletterblatt\/wp-json\/wp\/v2\/tags?post=995"}],"curies":[{"name":"wp","href":"https:\/\/api.w.org\/{rel}","templated":true}]}}