{"id":7888,"date":"2020-11-02T11:40:24","date_gmt":"2020-11-02T09:40:24","guid":{"rendered":"https:\/\/baumkletterschule.de\/kletterblatt\/?p=7888"},"modified":"2020-10-29T12:37:45","modified_gmt":"2020-10-29T10:37:45","slug":"kraft-und-masse-richtig-einteilen","status":"publish","type":"post","link":"https:\/\/baumkletterschule.de\/kletterblatt\/archiv\/2020\/kraft-und-masse-richtig-einteilen","title":{"rendered":"Darf\u2019s ein bisschen mehr sein? Kraft und Masse richtig einteilen"},"content":{"rendered":"<p><a name=\"up\"><\/a><strong>Immer wieder stellt sich auf der Baustelle die Frage, wie gro\u00df das St\u00fcck Holz sein darf, das geriggt werden soll. Dazu im Folgenden ein paar \u00dcberlegungen.<\/strong><br \/>\n<!--more--><\/p>\n<h2 style=\"font-size: 16px; color: #154A7F\">1. Baustellenplanung<\/h2>\n<p>Es ist niemandem geholfen, wenn ich gro\u00dfe St\u00fccke abs\u00e4ge, und dann am Boden nicht gen\u00fcgend Personal da ist, das Material stressfrei aufzuarbeiten: Die Kolleginnen f\u00fchlen sich erdr\u00fcckt angesichts der schieren Masse \u2013 im schlimmsten Fall ist jemand alleine am Boden. Und ich muss oben warten, habe nichts zu tun und im Winter wird mir obendrein auch noch kalt. Wahrscheinlich regnet es dann auch noch.<\/p>\n<h2 style=\"font-size: 16px; color: #154A7F\">2. Sinnvolle Platzierung der Rollen<\/h2>\n<p><img decoding=\"async\" src=\"https:\/\/baumkletterschule.de\/kletterblatt\/wp-content\/uploads\/2020\/10\/2021_05_Darfs-ein-bisschen-mehr-sein_Abb1.jpg\" alt=\"Zeichnung vom Ablassen eines abges\u00e4gten Astes via Rigging\" title=\"KB 2021: Darfs ein bisschen mehr sein \u2013 Abb. 1\" class=\"alignright\" \/>Wenn ich es schaffe, den Ast\/Stamm, an dem die Umlenkung installiert ist, im Moment der Kraftspitze auf Druck zu belasten, kann ich ihm ein Vielfaches von dem zumuten, was er quer zur Faser h\u00e4lt. Das gelingt mir zum einen dadurch, dass ich die Seilverl\u00e4ufe so gestalte, dass der Ast\/Stamm die Winkelhalbierende zwischen den abgewinkelten Seilen bildet (Abbildung 1). Bei der Fichtenf\u00e4llung reicht mir da eine Rolle, bei gro\u00dfen Laubb\u00e4umen bedarf es schon mal mehrerer Rollen (Drei bis f\u00fcnf sind durchaus \u00fcblich). Kleine Anmerkung am Rande f\u00fcr die Physikbegeisterten unter Euch: Je gr\u00f6\u00dfer die Reibung in der Umlenkung ist, desto weiter entfernt sich die Kraftresultierende (Kr\u00e4fteparallelogramm) von der Winkelhalbierenden. Solange wir aber Rollen installieren, ist das bei unserer Planung unwichtig. Nutze ich Astgabeln als Umlenkung, wird das relevant.<\/p>\n<p>Zum anderen kann ich \u00fcber die Steuerung des Ablassvorgangs daf\u00fcr sorgen, dass die Kraftspitze erst dann auftritt, wenn sich die pendelnde Last an der richtigen Stelle befindet. Beispiel Fichtenf\u00e4llung: Ich halte die fallende Spitze zu Beginn ihrer Kreisbahn nur mit wenig Zug auf dem Seil und erh\u00f6he den Zug erst auf 6 Uhr. Dazu brauche ich erstens ein gutes Bremsger\u00e4t am Stammfu\u00df (z. B. Poller) und zweitens viel Erfahrung. Wenn\u2019s klappt, kommt von oben ein Lob und die Zahn\u00e4rztin-Pr\u00fcfung ist so gut wie bestanden.<\/p>\n<h2 style=\"font-size: 16px; color: #154A7F\">3. Absch\u00e4tzung des Holzgewichtes<\/h2>\n<p>Um mein Riggingsystem nicht zu \u00fcberlasten, bedarf es einer kleinen \u00dcberschlagsrechnung.<\/p>\n<p><img decoding=\"async\" src=\"https:\/\/baumkletterschule.de\/kletterblatt\/wp-content\/uploads\/2020\/10\/2021_05_Darfs-ein-bisschen-mehr-sein_Abb2.jpg\" alt=\"Zeichnung eines Stammst\u00fcckes mit Riggingseil umwickelt\" title=\"KB 2021: Darfs ein bisschen mehr sein \u2013 Abb. 2\" class=\"alignright\" \/>Beispiel: Ein 50 kN Seil ist ein Seil, das bei f\u00fcnf Tonnen versagt. (Physikbegeisterte wissen, dass das nur so ungef\u00e4hr stimmt, aber f\u00fcr unsere Absch\u00e4tzung reicht das.) Um von der Bruchlast zur Nutzlast zu gelangen, rechne ich im Bereich \u201aRigging\u2018 mit dem Sicherheitsfaktor 5, wenn der Hersteller keine anderen Angaben macht (im PSA-Bereich mit dem Faktor zehn). Mit dieser verbleibenden einen Tonne k\u00f6nnte ich mein Seil belasten, ohne dass es zu Sch\u00e4den kommt. Da das Seil aber \u00fcblicherweise mit einem Knoten angeschlagen wird (Abbildung 2), ziehe ich nochmal 50 Prozent ab (bei Polyamid und Polyester): Es bleiben 500 kg Holzgewicht \u00fcbrig. Diese Angabe bezieht sich auf eine statische Riggingsituation. Will hei\u00dfen: Das Holz wird abges\u00e4gt und verbleibt genau an der Stelle. Es belastet das Seil nur mit seiner Gewichtskraft. Die Regel d\u00fcrfte aber sein, dass mein Holz erst ein St\u00fcck in das Seil f\u00e4llt, durchsackt, pendelt oder: Die eingebrachte Kraft \u00fcbersteigt die Gewichtskraft. Eigene Messungen ergaben, dass hier der Faktor f\u00fcnf die Realit\u00e4t ganz gut abdeckt. Damit bleiben f\u00fcr meine dynamische Riggingsituation 100 kg Holzgewicht f\u00fcr das 5000 kg Seil \u00fcbrig. Nicht viel! Jetzt darf aber auch Unvorhergesehenes passieren, ohne dass es zu einem Versagen kommt. Es k\u00f6nnen auch 200 kg sicher geriggt werden, aber nur wenn alles nach Plan l\u00e4uft.<\/p>\n<p>Mache ich diese Rechnung statt f\u00fcr das Seil, f\u00fcr die Rolle, komme ich auf das gleiche Ergebnis, da ich zwar keinen Knoten in die Rolle mache, aber die Halbierung der Last dadurch entsteht, dass auf jeder Seite der Rolle nur 50 Prozent h\u00e4ngen d\u00fcrfen, um die angegebenen 100 Prozent zu erreichen. Auf einem meiner Rigging-am-Modell-Kurse errechnete jemand die Lastabsch\u00e4tzung v\u00f6llig anders und kam auf 120 kg. F\u00fcr mich das gleiche Ergebnis, da es um eine \u00fcberschl\u00e4gige Absch\u00e4tzung geht.<\/p>\n<p>Wenn alles gut l\u00e4uft, greifen Kletterinnen, Bodenpersonal, Baum und Riggingsystem gut aufeinander abgestimmt ineinander. Dann kann eigentlich nur noch die Sonne scheinen \u2013 zumindest im Herzen.<\/p>\n<table border=\"1\" bgcolor=\"#E1E1E1\">\n<tbody>\n<tr>\n<td>Der Autor: <strong>Dirk Lingens<\/strong><br \/>\nAusbilder der <a href=\"https:\/\/baumkletterschule.de\/cms\/\" target=\"_blank\" title=\"M\u00fcnchner Baumkletterschule\" rel=\"noopener noreferrer\">M\u00fcnchner Baumkletterschule<\/a>, Inhaber von <a href=\"http:\/\/www.kletterdienste.de\/\" target=\"_blank\" title=\"KLETTERdienste\" rel=\"noopener noreferrer\">KLETTERdienste<\/a>, Entwickler, Gro\u00dfabschneider und Langsamfahrer<\/td>\n<\/tr>\n<\/tbody>\n<\/table>\n<p>&nbsp;<\/p>\n<p><a title=\"Online bl\u00e4ttern im Kletterblatt 2021 \u00bb Darf\u2019s ein bisschen mehr sein? Kraft und Masse richtig einteilen\" href=\"https:\/\/baumkletterschule.de\/kletterblatt\/wp-content\/uploads\/2020\/10\/KB_2021_72-1.pdf#page=18\" target=\"_blank\" rel=\"noopener noreferrer\"><img loading=\"lazy\" decoding=\"async\" class=\"size-full wp-image-2908 alignleft\" title=\"Online bl\u00e4ttern im Kletterblatt 2021 \u00bb Darf\u2019s ein bisschen mehr sein? Kraft und Masse richtig einteilen\" alt=\"Online bl\u00e4ttern im Kletterblatt 2021 \u00bb Darf\u2019s ein bisschen mehr sein? Kraft und Masse richtig einteilen\" src=\"https:\/\/baumkletterschule.de\/kletterblatt\/wp-content\/uploads\/2013\/10\/buttons_onlinblaettern.png\" width=\"120\" height=\"30\" \/><\/a> <a href=\"#up\"><img loading=\"lazy\" decoding=\"async\" class=\"size-full wp-image-2909 alignleft\" alt=\"Nach oben\" src=\"https:\/\/baumkletterschule.de\/kletterblatt\/wp-content\/uploads\/2004\/04\/but_top.png\" width=\"120\" height=\"30\" \/><\/a><\/p>\n","protected":false},"excerpt":{"rendered":"<p>Immer wieder stellt sich auf der Baustelle die Frage, wie gro\u00df das St\u00fcck Holz sein darf, das geriggt werden soll. Dazu im Folgenden ein paar \u00dcberlegungen.<\/p>\n","protected":false},"author":2,"featured_media":0,"comment_status":"open","ping_status":"closed","sticky":false,"template":"","format":"standard","meta":{"ngg_post_thumbnail":0,"footnotes":""},"categories":[4,16],"tags":[800,74,126,857,858,374],"class_list":["post-7888","post","type-post","status-publish","format-standard","hentry","category-baumpflege-2","category-technik","tag-abtragung","tag-baumfallung","tag-dirk-lingens","tag-kraft","tag-masse","tag-rigging"],"yoast_head":"<!-- This site is optimized with the Yoast SEO plugin v27.4 - https:\/\/yoast.com\/product\/yoast-seo-wordpress\/ -->\n<title>Darf\u2019s ein bisschen mehr sein? Kraft und Masse richtig einteilen - Kletterblatt<\/title>\n<meta name=\"robots\" content=\"index, follow, max-snippet:-1, max-image-preview:large, max-video-preview:-1\" \/>\n<link rel=\"canonical\" href=\"https:\/\/baumkletterschule.de\/kletterblatt\/archiv\/2020\/kraft-und-masse-richtig-einteilen\" \/>\n<meta property=\"og:locale\" content=\"de_DE\" \/>\n<meta property=\"og:type\" content=\"article\" \/>\n<meta property=\"og:title\" content=\"Darf\u2019s ein bisschen mehr sein? Kraft und Masse richtig einteilen - Kletterblatt\" \/>\n<meta property=\"og:description\" content=\"Immer wieder stellt sich auf der Baustelle die Frage, wie gro\u00df das St\u00fcck Holz sein darf, das geriggt werden soll. Dazu im Folgenden ein paar \u00dcberlegungen.\" \/>\n<meta property=\"og:url\" content=\"https:\/\/baumkletterschule.de\/kletterblatt\/archiv\/2020\/kraft-und-masse-richtig-einteilen\" \/>\n<meta property=\"og:site_name\" content=\"Kletterblatt\" \/>\n<meta property=\"article:published_time\" content=\"2020-11-02T09:40:24+00:00\" \/>\n<meta property=\"og:image\" content=\"https:\/\/baumkletterschule.de\/kletterblatt\/wp-content\/uploads\/2020\/10\/2021_05_Darfs-ein-bisschen-mehr-sein_Abb1.jpg\" \/>\n<meta name=\"author\" content=\"Kletterblatt\" \/>\n<meta name=\"twitter:label1\" content=\"Verfasst von\" \/>\n\t<meta name=\"twitter:data1\" content=\"Kletterblatt\" \/>\n\t<meta name=\"twitter:label2\" content=\"Gesch\u00e4tzte Lesezeit\" \/>\n\t<meta name=\"twitter:data2\" content=\"3\u00a0Minuten\" \/>\n<script type=\"application\/ld+json\" class=\"yoast-schema-graph\">{\"@context\":\"https:\\\/\\\/schema.org\",\"@graph\":[{\"@type\":\"Article\",\"@id\":\"https:\\\/\\\/baumkletterschule.de\\\/kletterblatt\\\/archiv\\\/2020\\\/kraft-und-masse-richtig-einteilen#article\",\"isPartOf\":{\"@id\":\"https:\\\/\\\/baumkletterschule.de\\\/kletterblatt\\\/archiv\\\/2020\\\/kraft-und-masse-richtig-einteilen\"},\"author\":{\"name\":\"Kletterblatt\",\"@id\":\"https:\\\/\\\/baumkletterschule.de\\\/kletterblatt\\\/#\\\/schema\\\/person\\\/fd4a9e00063f1b0994f9f6152cbfe62f\"},\"headline\":\"Darf\u2019s ein bisschen mehr sein? Kraft und Masse richtig einteilen\",\"datePublished\":\"2020-11-02T09:40:24+00:00\",\"mainEntityOfPage\":{\"@id\":\"https:\\\/\\\/baumkletterschule.de\\\/kletterblatt\\\/archiv\\\/2020\\\/kraft-und-masse-richtig-einteilen\"},\"wordCount\":702,\"commentCount\":0,\"image\":{\"@id\":\"https:\\\/\\\/baumkletterschule.de\\\/kletterblatt\\\/archiv\\\/2020\\\/kraft-und-masse-richtig-einteilen#primaryimage\"},\"thumbnailUrl\":\"https:\\\/\\\/baumkletterschule.de\\\/kletterblatt\\\/wp-content\\\/uploads\\\/2020\\\/10\\\/2021_05_Darfs-ein-bisschen-mehr-sein_Abb1.jpg\",\"keywords\":[\"Abtragung\",\"Baumf\u00e4llung\",\"Dirk Lingens\",\"Kraft\",\"Masse\",\"Rigging\"],\"articleSection\":[\"Baumpflege\",\"Technik\"],\"inLanguage\":\"de\",\"potentialAction\":[{\"@type\":\"CommentAction\",\"name\":\"Comment\",\"target\":[\"https:\\\/\\\/baumkletterschule.de\\\/kletterblatt\\\/archiv\\\/2020\\\/kraft-und-masse-richtig-einteilen#respond\"]}]},{\"@type\":\"WebPage\",\"@id\":\"https:\\\/\\\/baumkletterschule.de\\\/kletterblatt\\\/archiv\\\/2020\\\/kraft-und-masse-richtig-einteilen\",\"url\":\"https:\\\/\\\/baumkletterschule.de\\\/kletterblatt\\\/archiv\\\/2020\\\/kraft-und-masse-richtig-einteilen\",\"name\":\"Darf\u2019s ein bisschen mehr sein? Kraft und Masse richtig einteilen - Kletterblatt\",\"isPartOf\":{\"@id\":\"https:\\\/\\\/baumkletterschule.de\\\/kletterblatt\\\/#website\"},\"primaryImageOfPage\":{\"@id\":\"https:\\\/\\\/baumkletterschule.de\\\/kletterblatt\\\/archiv\\\/2020\\\/kraft-und-masse-richtig-einteilen#primaryimage\"},\"image\":{\"@id\":\"https:\\\/\\\/baumkletterschule.de\\\/kletterblatt\\\/archiv\\\/2020\\\/kraft-und-masse-richtig-einteilen#primaryimage\"},\"thumbnailUrl\":\"https:\\\/\\\/baumkletterschule.de\\\/kletterblatt\\\/wp-content\\\/uploads\\\/2020\\\/10\\\/2021_05_Darfs-ein-bisschen-mehr-sein_Abb1.jpg\",\"datePublished\":\"2020-11-02T09:40:24+00:00\",\"author\":{\"@id\":\"https:\\\/\\\/baumkletterschule.de\\\/kletterblatt\\\/#\\\/schema\\\/person\\\/fd4a9e00063f1b0994f9f6152cbfe62f\"},\"breadcrumb\":{\"@id\":\"https:\\\/\\\/baumkletterschule.de\\\/kletterblatt\\\/archiv\\\/2020\\\/kraft-und-masse-richtig-einteilen#breadcrumb\"},\"inLanguage\":\"de\",\"potentialAction\":[{\"@type\":\"ReadAction\",\"target\":[\"https:\\\/\\\/baumkletterschule.de\\\/kletterblatt\\\/archiv\\\/2020\\\/kraft-und-masse-richtig-einteilen\"]}]},{\"@type\":\"ImageObject\",\"inLanguage\":\"de\",\"@id\":\"https:\\\/\\\/baumkletterschule.de\\\/kletterblatt\\\/archiv\\\/2020\\\/kraft-und-masse-richtig-einteilen#primaryimage\",\"url\":\"https:\\\/\\\/baumkletterschule.de\\\/kletterblatt\\\/wp-content\\\/uploads\\\/2020\\\/10\\\/2021_05_Darfs-ein-bisschen-mehr-sein_Abb1.jpg\",\"contentUrl\":\"https:\\\/\\\/baumkletterschule.de\\\/kletterblatt\\\/wp-content\\\/uploads\\\/2020\\\/10\\\/2021_05_Darfs-ein-bisschen-mehr-sein_Abb1.jpg\",\"width\":310,\"height\":321,\"caption\":\"Zeichnung vom Ablassen eines abges\u00e4gten Astes via Rigging\"},{\"@type\":\"BreadcrumbList\",\"@id\":\"https:\\\/\\\/baumkletterschule.de\\\/kletterblatt\\\/archiv\\\/2020\\\/kraft-und-masse-richtig-einteilen#breadcrumb\",\"itemListElement\":[{\"@type\":\"ListItem\",\"position\":1,\"name\":\"Home\",\"item\":\"https:\\\/\\\/baumkletterschule.de\\\/kletterblatt\\\/\"},{\"@type\":\"ListItem\",\"position\":2,\"name\":\"Darf\u2019s ein bisschen mehr sein? Kraft und Masse richtig einteilen\"}]},{\"@type\":\"WebSite\",\"@id\":\"https:\\\/\\\/baumkletterschule.de\\\/kletterblatt\\\/#website\",\"url\":\"https:\\\/\\\/baumkletterschule.de\\\/kletterblatt\\\/\",\"name\":\"Kletterblatt\",\"description\":\"Das Online Archiv\",\"potentialAction\":[{\"@type\":\"SearchAction\",\"target\":{\"@type\":\"EntryPoint\",\"urlTemplate\":\"https:\\\/\\\/baumkletterschule.de\\\/kletterblatt\\\/?s={search_term_string}\"},\"query-input\":{\"@type\":\"PropertyValueSpecification\",\"valueRequired\":true,\"valueName\":\"search_term_string\"}}],\"inLanguage\":\"de\"},{\"@type\":\"Person\",\"@id\":\"https:\\\/\\\/baumkletterschule.de\\\/kletterblatt\\\/#\\\/schema\\\/person\\\/fd4a9e00063f1b0994f9f6152cbfe62f\",\"name\":\"Kletterblatt\",\"url\":\"https:\\\/\\\/baumkletterschule.de\\\/kletterblatt\\\/archiv\\\/author\\\/kletterblatt\"}]}<\/script>\n<!-- \/ Yoast SEO plugin. -->","yoast_head_json":{"title":"Darf\u2019s ein bisschen mehr sein? Kraft und Masse richtig einteilen - Kletterblatt","robots":{"index":"index","follow":"follow","max-snippet":"max-snippet:-1","max-image-preview":"max-image-preview:large","max-video-preview":"max-video-preview:-1"},"canonical":"https:\/\/baumkletterschule.de\/kletterblatt\/archiv\/2020\/kraft-und-masse-richtig-einteilen","og_locale":"de_DE","og_type":"article","og_title":"Darf\u2019s ein bisschen mehr sein? Kraft und Masse richtig einteilen - Kletterblatt","og_description":"Immer wieder stellt sich auf der Baustelle die Frage, wie gro\u00df das St\u00fcck Holz sein darf, das geriggt werden soll. Dazu im Folgenden ein paar \u00dcberlegungen.","og_url":"https:\/\/baumkletterschule.de\/kletterblatt\/archiv\/2020\/kraft-und-masse-richtig-einteilen","og_site_name":"Kletterblatt","article_published_time":"2020-11-02T09:40:24+00:00","og_image":[{"url":"https:\/\/baumkletterschule.de\/kletterblatt\/wp-content\/uploads\/2020\/10\/2021_05_Darfs-ein-bisschen-mehr-sein_Abb1.jpg","type":"","width":"","height":""}],"author":"Kletterblatt","twitter_misc":{"Verfasst von":"Kletterblatt","Gesch\u00e4tzte Lesezeit":"3\u00a0Minuten"},"schema":{"@context":"https:\/\/schema.org","@graph":[{"@type":"Article","@id":"https:\/\/baumkletterschule.de\/kletterblatt\/archiv\/2020\/kraft-und-masse-richtig-einteilen#article","isPartOf":{"@id":"https:\/\/baumkletterschule.de\/kletterblatt\/archiv\/2020\/kraft-und-masse-richtig-einteilen"},"author":{"name":"Kletterblatt","@id":"https:\/\/baumkletterschule.de\/kletterblatt\/#\/schema\/person\/fd4a9e00063f1b0994f9f6152cbfe62f"},"headline":"Darf\u2019s ein bisschen mehr sein? Kraft und Masse richtig einteilen","datePublished":"2020-11-02T09:40:24+00:00","mainEntityOfPage":{"@id":"https:\/\/baumkletterschule.de\/kletterblatt\/archiv\/2020\/kraft-und-masse-richtig-einteilen"},"wordCount":702,"commentCount":0,"image":{"@id":"https:\/\/baumkletterschule.de\/kletterblatt\/archiv\/2020\/kraft-und-masse-richtig-einteilen#primaryimage"},"thumbnailUrl":"https:\/\/baumkletterschule.de\/kletterblatt\/wp-content\/uploads\/2020\/10\/2021_05_Darfs-ein-bisschen-mehr-sein_Abb1.jpg","keywords":["Abtragung","Baumf\u00e4llung","Dirk Lingens","Kraft","Masse","Rigging"],"articleSection":["Baumpflege","Technik"],"inLanguage":"de","potentialAction":[{"@type":"CommentAction","name":"Comment","target":["https:\/\/baumkletterschule.de\/kletterblatt\/archiv\/2020\/kraft-und-masse-richtig-einteilen#respond"]}]},{"@type":"WebPage","@id":"https:\/\/baumkletterschule.de\/kletterblatt\/archiv\/2020\/kraft-und-masse-richtig-einteilen","url":"https:\/\/baumkletterschule.de\/kletterblatt\/archiv\/2020\/kraft-und-masse-richtig-einteilen","name":"Darf\u2019s ein bisschen mehr sein? Kraft und Masse richtig einteilen - Kletterblatt","isPartOf":{"@id":"https:\/\/baumkletterschule.de\/kletterblatt\/#website"},"primaryImageOfPage":{"@id":"https:\/\/baumkletterschule.de\/kletterblatt\/archiv\/2020\/kraft-und-masse-richtig-einteilen#primaryimage"},"image":{"@id":"https:\/\/baumkletterschule.de\/kletterblatt\/archiv\/2020\/kraft-und-masse-richtig-einteilen#primaryimage"},"thumbnailUrl":"https:\/\/baumkletterschule.de\/kletterblatt\/wp-content\/uploads\/2020\/10\/2021_05_Darfs-ein-bisschen-mehr-sein_Abb1.jpg","datePublished":"2020-11-02T09:40:24+00:00","author":{"@id":"https:\/\/baumkletterschule.de\/kletterblatt\/#\/schema\/person\/fd4a9e00063f1b0994f9f6152cbfe62f"},"breadcrumb":{"@id":"https:\/\/baumkletterschule.de\/kletterblatt\/archiv\/2020\/kraft-und-masse-richtig-einteilen#breadcrumb"},"inLanguage":"de","potentialAction":[{"@type":"ReadAction","target":["https:\/\/baumkletterschule.de\/kletterblatt\/archiv\/2020\/kraft-und-masse-richtig-einteilen"]}]},{"@type":"ImageObject","inLanguage":"de","@id":"https:\/\/baumkletterschule.de\/kletterblatt\/archiv\/2020\/kraft-und-masse-richtig-einteilen#primaryimage","url":"https:\/\/baumkletterschule.de\/kletterblatt\/wp-content\/uploads\/2020\/10\/2021_05_Darfs-ein-bisschen-mehr-sein_Abb1.jpg","contentUrl":"https:\/\/baumkletterschule.de\/kletterblatt\/wp-content\/uploads\/2020\/10\/2021_05_Darfs-ein-bisschen-mehr-sein_Abb1.jpg","width":310,"height":321,"caption":"Zeichnung vom Ablassen eines abges\u00e4gten Astes via Rigging"},{"@type":"BreadcrumbList","@id":"https:\/\/baumkletterschule.de\/kletterblatt\/archiv\/2020\/kraft-und-masse-richtig-einteilen#breadcrumb","itemListElement":[{"@type":"ListItem","position":1,"name":"Home","item":"https:\/\/baumkletterschule.de\/kletterblatt\/"},{"@type":"ListItem","position":2,"name":"Darf\u2019s ein bisschen mehr sein? Kraft und Masse richtig einteilen"}]},{"@type":"WebSite","@id":"https:\/\/baumkletterschule.de\/kletterblatt\/#website","url":"https:\/\/baumkletterschule.de\/kletterblatt\/","name":"Kletterblatt","description":"Das Online Archiv","potentialAction":[{"@type":"SearchAction","target":{"@type":"EntryPoint","urlTemplate":"https:\/\/baumkletterschule.de\/kletterblatt\/?s={search_term_string}"},"query-input":{"@type":"PropertyValueSpecification","valueRequired":true,"valueName":"search_term_string"}}],"inLanguage":"de"},{"@type":"Person","@id":"https:\/\/baumkletterschule.de\/kletterblatt\/#\/schema\/person\/fd4a9e00063f1b0994f9f6152cbfe62f","name":"Kletterblatt","url":"https:\/\/baumkletterschule.de\/kletterblatt\/archiv\/author\/kletterblatt"}]}},"_links":{"self":[{"href":"https:\/\/baumkletterschule.de\/kletterblatt\/wp-json\/wp\/v2\/posts\/7888","targetHints":{"allow":["GET"]}}],"collection":[{"href":"https:\/\/baumkletterschule.de\/kletterblatt\/wp-json\/wp\/v2\/posts"}],"about":[{"href":"https:\/\/baumkletterschule.de\/kletterblatt\/wp-json\/wp\/v2\/types\/post"}],"author":[{"embeddable":true,"href":"https:\/\/baumkletterschule.de\/kletterblatt\/wp-json\/wp\/v2\/users\/2"}],"replies":[{"embeddable":true,"href":"https:\/\/baumkletterschule.de\/kletterblatt\/wp-json\/wp\/v2\/comments?post=7888"}],"version-history":[{"count":1,"href":"https:\/\/baumkletterschule.de\/kletterblatt\/wp-json\/wp\/v2\/posts\/7888\/revisions"}],"predecessor-version":[{"id":7889,"href":"https:\/\/baumkletterschule.de\/kletterblatt\/wp-json\/wp\/v2\/posts\/7888\/revisions\/7889"}],"wp:attachment":[{"href":"https:\/\/baumkletterschule.de\/kletterblatt\/wp-json\/wp\/v2\/media?parent=7888"}],"wp:term":[{"taxonomy":"category","embeddable":true,"href":"https:\/\/baumkletterschule.de\/kletterblatt\/wp-json\/wp\/v2\/categories?post=7888"},{"taxonomy":"post_tag","embeddable":true,"href":"https:\/\/baumkletterschule.de\/kletterblatt\/wp-json\/wp\/v2\/tags?post=7888"}],"curies":[{"name":"wp","href":"https:\/\/api.w.org\/{rel}","templated":true}]}}