{"id":766,"date":"2006-04-15T19:30:21","date_gmt":"2006-04-15T19:30:21","guid":{"rendered":"http:\/\/kl.freeworker.de\/?p=766"},"modified":"2013-10-30T18:14:37","modified_gmt":"2013-10-30T16:14:37","slug":"baumpflege-ein-geschaft-mit-der-angst","status":"publish","type":"post","link":"https:\/\/baumkletterschule.de\/kletterblatt\/archiv\/2006\/baumpflege-ein-geschaft-mit-der-angst","title":{"rendered":"Baumpflege &#8211; ein Gesch\u00e4ft mit (der) Angst"},"content":{"rendered":"<p><a name=\"up\"><\/a><strong>Im Bereich Baumpflege treffen wenigstens drei Dinge aufeinander, die versagen k\u00f6nnen: der Mensch, das Material, der Baum. Die Ahnung von diesem m\u00f6glichen Versagen kann Angst verursachen.<\/strong><br \/>\n<!--more--><\/p>\n<p lang=\"de-DE\">Nach Wikipedia bezeichnet Angst eine Empfindungs- und Verhaltenssituation aus Ungewissheit, Anspannung und Furcht, die durch eine erwartete oder eingetretene Bedrohung hervorgerufen wird. \u201eBiologisch gesehen ist die Angst ein Stresszustand von starker Intensit\u00e4t als Antwort auf eine wahrgenommene Bedrohung, verbunden mit einem Gef\u00fchl k\u00f6rperlicher Spannung sowie starken Impulsen, der Situation zu entfliehen\u201c. Demgegen\u00fcber ist \u00c4ngstlichkeit eine pers\u00f6nliche Einstellung bzw. Charaktereigenschaft. \u00c4ngste k\u00f6nnen ausgel\u00f6st werden durch bedrohliche angsteinfl\u00f6\u00dfende Situationen oder ihre Erwartung, durch Personen, Aussagen, Orte oder Erinnerungen.<\/p>\n<p lang=\"de-DE\">Der Baumpfleger hat im Auftragsfall zuerst mit seinen eigenen \u00c4ngsten zu tun. Aus meiner eigenen Erfahrung wei\u00df ich um deren unerwartetes Auftreten, mit denen man aber kalkulierbar umgehen kann. Grunds\u00e4tzlich ist die Tagesform entscheidend, wie und ob einen die Angst packt, und das nicht nur am Montag. Dazu kommt, ob Lust auf Arbeit vorhanden ist \u2013 schwere Unlust f\u00f6rdert die Angst.<\/p>\n<p lang=\"de-DE\">Ebenso das eigene Alter, d. h. mit dessen Zunahme nimmt oft die Risikobereitschaft ab und es kann schneller eine Angst aufkommen, vielleicht im Zusammenhang mit schneller nachlassenden Kr\u00e4ften. Mit 50 geht man eben anders mit potentiellen Gefahren um als mit 25. W\u00e4hrend \u201edie Jugend\u201c die in der Ausbildung und k\u00fcrzerer eigener Berufserfahrung kennengelernten \u00c4ngste und Bedrohungen mit einem gr\u00f6\u00dferen Hang zur Leichtsinnigkeit schwungvoll umschifft, wird von \u00c4lteren behutsamer damit umgegangen, da sich aufgrund langj\u00e4hriger Erfahrung in der Regel eine Vorsicht einstellt, um Gefahrenmomente zu umgehen. Dank der Erfahrung kann auftretende Angst vom Kopf her bek\u00e4mpft werden, damit keine Panik entsteht, beim Aufstieg, wegen Zweifel an der St\u00e4rke eines Astes, der Haltbarkeit des Seiles oder des Kambiumschoners, der auch mal leicht angeritzt sein kann, usw. Ein Vertuschen der Angst wegen Profilierung ist meist auch nicht mehr so angesagt.<\/p>\n<p lang=\"de-DE\"><img loading=\"lazy\" decoding=\"async\" title=\"Kurzsicherung: Ausgefranstes Seil\" src=\"https:\/\/baumkletterschule.de\/kletterblatt\/wp-content\/uploads\/2006\/04\/KB06_10_Baumpflege-Geschaeft-Angst_Abbildung1.jpg\" alt=\"Kurzsicherung: Ausgefranstes Seil\" width=\"140\" height=\"123\" class=\"alignleft size-full wp-image-3265\" srcset=\"https:\/\/baumkletterschule.de\/kletterblatt\/wp-content\/uploads\/2006\/04\/KB06_10_Baumpflege-Geschaeft-Angst_Abbildung1.jpg 140w, https:\/\/baumkletterschule.de\/kletterblatt\/wp-content\/uploads\/2006\/04\/KB06_10_Baumpflege-Geschaeft-Angst_Abbildung1-62x55.jpg 62w, https:\/\/baumkletterschule.de\/kletterblatt\/wp-content\/uploads\/2006\/04\/KB06_10_Baumpflege-Geschaeft-Angst_Abbildung1-90x80.jpg 90w\" sizes=\"auto, (max-width: 140px) 100vw, 140px\" \/>Das ausgefranste Seil der Kurzsicherung ist am Boden kein Problem (Abb. 1). In 20 Metern H\u00f6he kann sich dieser Zustand aber anders darstellen und angstf\u00f6rdernd wirken. So sehr Angst sinnvoll ist und zur Vorsicht anh\u00e4lt, der damit verbundene Zustand ist aber anstrengend und unn\u00f6tig, wenn Ursachen f\u00fcr das Auftreten bekannt sind. Sind die Voraussetzungen f\u00fcr eine Kletterei oder Hubb\u00fchnenfahrt nicht g\u00fcnstig, aufgrund der eigenen Konstitution oder wegen Materialm\u00e4ngeln, sollte davon abgelassen werden. Als Selbstst\u00e4ndiger kann ich das auch so handhaben, im Besch\u00e4ftigungsverh\u00e4ltnis ist das schon schwieriger. In den verantwortungsvollen Ausbildungsst\u00e4tten sollte darauf auch entsprechend eingegangen werden.<\/p>\n<p lang=\"de-DE\">Neben der Angst bei der Ausf\u00fchrung gibt es nat\u00fcrlich auch \u00c4ngste, die den Auftrag erst erm\u00f6glichen. B\u00e4ume k\u00f6nnen gro\u00df werden. Damit stellen sie einerseits etwas Imposantes und \u201euns Menschen\u201c Imponierendes dar, sind aber dadurch auch etwas Bedrohliches, da sie so viel gr\u00f6\u00dfer sind als \u201ewir\u201c.<br \/>\nDiese Einstellung mag vern\u00fcnftig oder biologisch richtig sein, da sie sich aus Erfahrungen n\u00e4hrt, insbesondere aus dem, was geschieht, wenn ein Baum oder Baumteil versagt. Heute treten solche \u00c4ngste vermehrt auf, da der Baum an sich ein ziemlich unbekanntes Ding ist: \u201eDer war sooo klein, als ich ihn gepflanzt habe\u201c \u2013 und seine Reaktionen ebenfalls: \u201eBei Wind bewegt sich der Baum immer so stark\u201c. Dieser Angst vor dem unbekannten Monstrum im Garten folgt dann der Angriff auf den Baum als erkanntem Verursacher. Entweder in Eigenleistung oder durch Inanspruchnahme der Hilfe einer Fachkraft. Neben G\u00e4rtnern und F\u00f6rstern sind es die Baumpfleger und Baumsachverst\u00e4ndigen. Von deren Qualit\u00e4ten h\u00e4ngt es dann ab, was aus den \u00c4ngsten der Baumbesitzer wird.<\/p>\n<p lang=\"de-DE\"><img loading=\"lazy\" decoding=\"async\" title=\"\u201eProblem\u201c-Ast?\" src=\"https:\/\/baumkletterschule.de\/kletterblatt\/wp-content\/uploads\/2006\/04\/KB06_10_Baumpflege-Geschaeft-Angst_Abbildung2.jpg\" alt=\"\u201eProblem\u201c-Ast?\" width=\"148\" height=\"278\" class=\"alignright size-full wp-image-3266\" srcset=\"https:\/\/baumkletterschule.de\/kletterblatt\/wp-content\/uploads\/2006\/04\/KB06_10_Baumpflege-Geschaeft-Angst_Abbildung2.jpg 148w, https:\/\/baumkletterschule.de\/kletterblatt\/wp-content\/uploads\/2006\/04\/KB06_10_Baumpflege-Geschaeft-Angst_Abbildung2-29x55.jpg 29w\" sizes=\"auto, (max-width: 148px) 100vw, 148px\" \/><\/p>\n<p lang=\"de-DE\">Aus den Erfahrungen und Untersuchungen im Bereich der Baumpflege haben sich in den letzten 20 Jahren eine Vielzahl von Erkenntnissen ergeben, auf deren Grundlage eine zutreffende Baumbeurteilung stattfinden kann. Viele \u00c4ngste der Baumbesitzer k\u00f6nnten so zerstreut werden. F\u00fcr mich ist es eine wichtige Aufgabe des Baumpflegers, Vorbehalte und \u00c4ngste zu zerstreuen und somit baumerhaltend zu wirken, nat\u00fcrlich unter Ber\u00fccksichtigung der Sicherheitsaspekte. Leider gibt es immer wieder \u201eBaumfachleute\u201c, die \u00c4ngste ausnutzen. Es ist unverantwortlich, einem unsicheren Baumbesitzer einen solchen Ast als gef\u00e4hrlich zu interpretieren statt beruhigend, weil fachlich begr\u00fcndbar, dagegen zu wirken (Abb. 2). Hier sind kurzfristige Interessen wohl der Hauptgrund (Auftrag!), sowie die Aussicht auf Folgeauftrag in Folge der Behandlung. Dieser Ast blieb dran, der Kunde sparte, der Ast ist auch  vier Jahre sp\u00e4ter noch immer nicht abgefallen.<br \/>\nDie \u00c4ngste vor der Bewegung der B\u00e4ume im Wind, selbst wenn sie \u201edabei fast auf dem Dach des Hauses liegen\u201c (Kundenzitat), k\u00f6nnten oft entsch\u00e4rft werden, wenn auf die bekannte baumstatische Erkenntnis zur\u00fcckgegriffen w\u00fcrde, dass ein Baum sich bewegen muss, um nicht zu brechen. Aber auch hier wird oft genug die Angst f\u00fcrs Gesch\u00e4ft genutzt. Die Konkurrenz k\u00f6nnte ja ansonsten den Auftrag bekommen.<br \/>\nBedrohlich wird es ebenfalls, wenn in der Nachbarschaft oder im Ort ein Baum umgekippt ist, was dann die eigenen B\u00e4ume pl\u00f6tzlich be\u00e4ngstigend nahe bringt. V\u00f6llig losgel\u00f6st von unterschiedlichen Gegebenheiten werden dann Indizien an den B\u00e4umen, die einen handfesten Grund f\u00fcr die Angst verursachenden Sorgen geben sollen, gesucht und gefunden: hier ein Loch, dort ein Pilz. Wenn sich dann noch ein Baumsachverst\u00e4ndiger findet, der diese \u00c4ngste nicht versucht abzubauen, sondern in sein \u201eSchlechtachten\u201c einflie\u00dfen l\u00e4sst \u2013 ist das schade um die B\u00e4ume, aber gut f\u00fcrs Gesch\u00e4ft.<\/p>\n<p><img loading=\"lazy\" decoding=\"async\" title=\"Ausfluss von Lignins\u00e4ure aus Birkenstamm\" src=\"https:\/\/baumkletterschule.de\/kletterblatt\/wp-content\/uploads\/2006\/04\/KB06_10_Baumpflege-Geschaeft-Angst_Abbildung3.jpg\" alt=\"Ausfluss von Lignins\u00e4ure aus Birkenstamm\" width=\"153\" height=\"147\" class=\"alignleft size-full wp-image-3264\" srcset=\"https:\/\/baumkletterschule.de\/kletterblatt\/wp-content\/uploads\/2006\/04\/KB06_10_Baumpflege-Geschaeft-Angst_Abbildung3.jpg 153w, https:\/\/baumkletterschule.de\/kletterblatt\/wp-content\/uploads\/2006\/04\/KB06_10_Baumpflege-Geschaeft-Angst_Abbildung3-57x55.jpg 57w\" sizes=\"auto, (max-width: 153px) 100vw, 153px\" \/>Auch den erstmalig auftretenden \u201eAusfluss von Lignins\u00e4ure\u201c aus einem Birkenstamm als Zeichen h\u00f6chster Bruchgefahr zu interpretieren, ist alles andere als geeignet, sachlich der vorhandenen Unsicherheit der Eigent\u00fcmerin dieses Baumes entgegenzuwirken (Abb. 3). Hier scheint auch neben einer Angst des Kunden eine Angst des Baumfachmannes zu existieren, etwas nicht zu wissen und dies auch noch offenbaren zu m\u00fcssen. Dann doch lieber \u201eim Zweifel gegen den Angeklagten\u201c. Diesen Beispielen begegnet man bedauerlicherweise immer wieder im baumpflegerischen Alltag, es sind keine Erfindungen.<\/p>\n<p lang=\"de-DE\">Gekr\u00f6nt werden solche Formen der Angstausnutzung durch das Thema Hohlheit \u2013 nicht der Argumente, sondern der B\u00e4ume. Es d\u00fcrfte vielen Baumpflegern bekannt sein, wie sehr der hohle Stamm eines Baumes daf\u00fcr herhalten muss, wenn ein Baum entfernt oder stark behandelt werden soll. Hier ist auch die Angst der treibende Faktor, der indessen oft entgegengewirkt werden k\u00f6nnte. Aber nicht nur wenn der eigene Kontostand n\u00e4her ist als eine fachlich qualifizierte Einsch\u00e4tzung, sondern auch aufgrund vors\u00e4tzlicher fachlicher Blindheit wird gerne das vorgebrachte Argument der Hohlheit f\u00fcr einen Auftrag ausgenutzt. Es ist bekannt, dass eine R\u00f6hre stabiler ist als eine Stange; alle menschlichen Bauwerke, die in die H\u00f6he ragen, sind innen hohl. Wieso aber muss ein Baum immer komplett gef\u00fcllt sein, um als stabil und ungef\u00e4hrlich zu gelten? Sicherlich, ein hohler Stamm kann gef\u00e4hrlich sein. Ab wann eine Hohlheit gef\u00e4hrlich wird, l\u00e4sst sich ermitteln, es ist aber mit Sicherheit keine \u201eGefahr an sich\u201c. Es gibt, wie aufgef\u00fchrt, mehrere Aspekte der Angst, die mit dem Baumgesch\u00e4ft zu tun haben. In allen F\u00e4llen, die mit Angst verbunden sind, sollte besonnen darauf eingegangen werden, sowohl im Vorfeld bei der Beurteilung von vorgebrachten, angstgesteuerten Bedenken, als auch bei der Ausf\u00fchrung von Baumarbeiten. Angst ist ein guter instinkthafter Ratgeber. Sie muss aber bewusst und rational \u00fcberpr\u00fcft werden. Im Interesse von Baum und Mensch. <\/p>\n<table border=\"1\" bgcolor=\"#E1E1E1\">\n<tbody>\n<tr>\n<td>Der Autor: <strong>Klaus Sch\u00f6pe<\/strong><br \/>\nStudium der Landschaftsplanung zum Dipl.-Ing., danach t\u00e4tig im Garten- und Landschaftsbau, Baumpflege-Erfahrung seit 1986, seit 1999 \u00f6ffentlich bestellter und vereidigter Sachverst\u00e4ndiger f\u00fcr Baumpflege, Baumstatik, Baumwertermittlung, Geh\u00f6lz- und Grundst\u00fcckswertermittlung, <a href=\"http:\/\/www.baumbuero.de\" target=\"_blank\">Baumb\u00fcro\u00ae<\/a><\/td>\n<\/tr>\n<\/tbody>\n<\/table>\n<p>&nbsp;<\/p>\n<table border=\"1\" cellspacing=\"0\" cellpadding=\"0\">\n<tbody>\n<tr bgcolor=\"#808080\">\n<td><font color=\"#FFFFFF\"><strong>Unser Tipp<\/strong><\/font><\/td>\n<tr>\n<td valign=\"top\" align=\"left\" bgcolor=\"#FFFFFF\">Ben\u00f6tigen auch Sie die Hilfe eines kompetenten Baumpflegers oder eines Baumsachverst\u00e4ndigen? Im <a title=\"Das Baumpflegeportal\" href=\"http:\/\/www.baumpflegeportal.de\" target=\"_blank\">Baumpflegeportal<\/a> finden Sie genau den Fachmann in Ihrer N\u00e4he, der zu Ihnen passt.<\/p>\n<p>Sie sind selbst Baumsachverst\u00e4ndiger? Informieren Sie in Ihrem <a title=\"Baumpflegeportal: Firma eintragen\" href=\"http:\/\/www.baumpflegeportal.de\/firma-eintragen\/\" target=\"_blank\">Eintrag<\/a> auf dem Baumpflegeportal Ihre zuk\u00fcnftigen Kunden \u00fcber Ihr Leistungsspektrum.<\/td>\n<\/tr>\n<\/tbody>\n<\/table>\n<p>&nbsp;<br \/>\n<a title=\"Online bl\u00e4ttern im Kletterblatt 2006: &quot;Baumpflege - ein Gesch\u00e4ft mit (der) Angst&quot;\" href=\"..\/..\/blaettermagazin\/ausgabe-2006\/#68\" target=\"_blank\"><img loading=\"lazy\" decoding=\"async\" class=\"size-full wp-image-2908 alignleft\" title=\"Online bl\u00e4ttern im Kletterblatt 2006: &quot;Baumpflege - ein Gesch\u00e4ft mit (der) Angst&quot;\" alt=\"Online bl\u00e4ttern im Kletterblatt 2006: &quot;Baumpflege - ein Gesch\u00e4ft mit (der) Angst&quot;\" src=\"https:\/\/baumkletterschule.de\/kletterblatt\/wp-content\/uploads\/2013\/10\/buttons_onlinblaettern.png\" width=\"120\" height=\"30\" \/><\/a> <a href=\"#up\"><img loading=\"lazy\" decoding=\"async\" class=\"size-full wp-image-2909 alignleft\" alt=\"Nach oben\" src=\"https:\/\/baumkletterschule.de\/kletterblatt\/wp-content\/uploads\/2004\/04\/but_top.png\" width=\"120\" height=\"30\" \/><\/a><br \/>\n&nbsp;<\/p>\n","protected":false},"excerpt":{"rendered":"<p>Im Bereich Baumpflege treffen wenigstens drei Dinge aufeinander, die versagen k\u00f6nnen: der Mensch, das Material, der Baum. Die Ahnung von diesem m\u00f6glichen Versagen kann Angst verursachen.<\/p>\n","protected":false},"author":2,"featured_media":0,"comment_status":"open","ping_status":"closed","sticky":false,"template":"","format":"standard","meta":{"ngg_post_thumbnail":0,"footnotes":""},"categories":[4,12],"tags":[700,260],"class_list":["post-766","post","type-post","status-publish","format-standard","hentry","category-baumpflege-2","category-report","tag-baumpflege-2","tag-klaus-schope"],"yoast_head":"<!-- This site is optimized with the Yoast SEO plugin v27.4 - https:\/\/yoast.com\/product\/yoast-seo-wordpress\/ -->\n<title>Baumpflege - ein Gesch\u00e4ft mit (der) Angst - Kletterblatt<\/title>\n<meta name=\"robots\" content=\"index, follow, max-snippet:-1, max-image-preview:large, max-video-preview:-1\" \/>\n<link rel=\"canonical\" href=\"https:\/\/baumkletterschule.de\/kletterblatt\/archiv\/2006\/baumpflege-ein-geschaft-mit-der-angst\" \/>\n<meta property=\"og:locale\" content=\"de_DE\" \/>\n<meta property=\"og:type\" content=\"article\" \/>\n<meta property=\"og:title\" content=\"Baumpflege - ein Gesch\u00e4ft mit (der) Angst - Kletterblatt\" \/>\n<meta property=\"og:description\" content=\"Im Bereich Baumpflege treffen wenigstens drei Dinge aufeinander, die versagen k\u00f6nnen: der Mensch, das Material, der Baum. Die Ahnung von diesem m\u00f6glichen Versagen kann Angst verursachen.\" \/>\n<meta property=\"og:url\" content=\"https:\/\/baumkletterschule.de\/kletterblatt\/archiv\/2006\/baumpflege-ein-geschaft-mit-der-angst\" \/>\n<meta property=\"og:site_name\" content=\"Kletterblatt\" \/>\n<meta property=\"article:published_time\" content=\"2006-04-15T19:30:21+00:00\" \/>\n<meta property=\"article:modified_time\" content=\"2013-10-30T16:14:37+00:00\" \/>\n<meta property=\"og:image\" content=\"https:\/\/baumkletterschule.de\/kletterblatt\/wp-content\/uploads\/2006\/04\/KB06_10_Baumpflege-Geschaeft-Angst_Abbildung1.jpg\" \/>\n<meta name=\"author\" content=\"Kletterblatt\" \/>\n<meta name=\"twitter:label1\" content=\"Verfasst von\" \/>\n\t<meta name=\"twitter:data1\" content=\"Kletterblatt\" \/>\n\t<meta name=\"twitter:label2\" content=\"Gesch\u00e4tzte Lesezeit\" \/>\n\t<meta name=\"twitter:data2\" content=\"7\u00a0Minuten\" \/>\n<script type=\"application\/ld+json\" class=\"yoast-schema-graph\">{\"@context\":\"https:\\\/\\\/schema.org\",\"@graph\":[{\"@type\":\"Article\",\"@id\":\"https:\\\/\\\/baumkletterschule.de\\\/kletterblatt\\\/archiv\\\/2006\\\/baumpflege-ein-geschaft-mit-der-angst#article\",\"isPartOf\":{\"@id\":\"https:\\\/\\\/baumkletterschule.de\\\/kletterblatt\\\/archiv\\\/2006\\\/baumpflege-ein-geschaft-mit-der-angst\"},\"author\":{\"name\":\"Kletterblatt\",\"@id\":\"https:\\\/\\\/baumkletterschule.de\\\/kletterblatt\\\/#\\\/schema\\\/person\\\/fd4a9e00063f1b0994f9f6152cbfe62f\"},\"headline\":\"Baumpflege &#8211; ein Gesch\u00e4ft mit (der) Angst\",\"datePublished\":\"2006-04-15T19:30:21+00:00\",\"dateModified\":\"2013-10-30T16:14:37+00:00\",\"mainEntityOfPage\":{\"@id\":\"https:\\\/\\\/baumkletterschule.de\\\/kletterblatt\\\/archiv\\\/2006\\\/baumpflege-ein-geschaft-mit-der-angst\"},\"wordCount\":1313,\"commentCount\":0,\"image\":{\"@id\":\"https:\\\/\\\/baumkletterschule.de\\\/kletterblatt\\\/archiv\\\/2006\\\/baumpflege-ein-geschaft-mit-der-angst#primaryimage\"},\"thumbnailUrl\":\"https:\\\/\\\/baumkletterschule.de\\\/kletterblatt\\\/wp-content\\\/uploads\\\/2006\\\/04\\\/KB06_10_Baumpflege-Geschaeft-Angst_Abbildung1.jpg\",\"keywords\":[\"Baumpflege\",\"Klaus Sch\u00f6pe\"],\"articleSection\":[\"Baumpflege\",\"Report\"],\"inLanguage\":\"de\",\"potentialAction\":[{\"@type\":\"CommentAction\",\"name\":\"Comment\",\"target\":[\"https:\\\/\\\/baumkletterschule.de\\\/kletterblatt\\\/archiv\\\/2006\\\/baumpflege-ein-geschaft-mit-der-angst#respond\"]}]},{\"@type\":\"WebPage\",\"@id\":\"https:\\\/\\\/baumkletterschule.de\\\/kletterblatt\\\/archiv\\\/2006\\\/baumpflege-ein-geschaft-mit-der-angst\",\"url\":\"https:\\\/\\\/baumkletterschule.de\\\/kletterblatt\\\/archiv\\\/2006\\\/baumpflege-ein-geschaft-mit-der-angst\",\"name\":\"Baumpflege - ein Gesch\u00e4ft mit (der) Angst - Kletterblatt\",\"isPartOf\":{\"@id\":\"https:\\\/\\\/baumkletterschule.de\\\/kletterblatt\\\/#website\"},\"primaryImageOfPage\":{\"@id\":\"https:\\\/\\\/baumkletterschule.de\\\/kletterblatt\\\/archiv\\\/2006\\\/baumpflege-ein-geschaft-mit-der-angst#primaryimage\"},\"image\":{\"@id\":\"https:\\\/\\\/baumkletterschule.de\\\/kletterblatt\\\/archiv\\\/2006\\\/baumpflege-ein-geschaft-mit-der-angst#primaryimage\"},\"thumbnailUrl\":\"https:\\\/\\\/baumkletterschule.de\\\/kletterblatt\\\/wp-content\\\/uploads\\\/2006\\\/04\\\/KB06_10_Baumpflege-Geschaeft-Angst_Abbildung1.jpg\",\"datePublished\":\"2006-04-15T19:30:21+00:00\",\"dateModified\":\"2013-10-30T16:14:37+00:00\",\"author\":{\"@id\":\"https:\\\/\\\/baumkletterschule.de\\\/kletterblatt\\\/#\\\/schema\\\/person\\\/fd4a9e00063f1b0994f9f6152cbfe62f\"},\"breadcrumb\":{\"@id\":\"https:\\\/\\\/baumkletterschule.de\\\/kletterblatt\\\/archiv\\\/2006\\\/baumpflege-ein-geschaft-mit-der-angst#breadcrumb\"},\"inLanguage\":\"de\",\"potentialAction\":[{\"@type\":\"ReadAction\",\"target\":[\"https:\\\/\\\/baumkletterschule.de\\\/kletterblatt\\\/archiv\\\/2006\\\/baumpflege-ein-geschaft-mit-der-angst\"]}]},{\"@type\":\"ImageObject\",\"inLanguage\":\"de\",\"@id\":\"https:\\\/\\\/baumkletterschule.de\\\/kletterblatt\\\/archiv\\\/2006\\\/baumpflege-ein-geschaft-mit-der-angst#primaryimage\",\"url\":\"https:\\\/\\\/baumkletterschule.de\\\/kletterblatt\\\/wp-content\\\/uploads\\\/2006\\\/04\\\/KB06_10_Baumpflege-Geschaeft-Angst_Abbildung1.jpg\",\"contentUrl\":\"https:\\\/\\\/baumkletterschule.de\\\/kletterblatt\\\/wp-content\\\/uploads\\\/2006\\\/04\\\/KB06_10_Baumpflege-Geschaeft-Angst_Abbildung1.jpg\",\"width\":140,\"height\":123},{\"@type\":\"BreadcrumbList\",\"@id\":\"https:\\\/\\\/baumkletterschule.de\\\/kletterblatt\\\/archiv\\\/2006\\\/baumpflege-ein-geschaft-mit-der-angst#breadcrumb\",\"itemListElement\":[{\"@type\":\"ListItem\",\"position\":1,\"name\":\"Home\",\"item\":\"https:\\\/\\\/baumkletterschule.de\\\/kletterblatt\\\/\"},{\"@type\":\"ListItem\",\"position\":2,\"name\":\"Baumpflege &#8211; ein Gesch\u00e4ft mit (der) Angst\"}]},{\"@type\":\"WebSite\",\"@id\":\"https:\\\/\\\/baumkletterschule.de\\\/kletterblatt\\\/#website\",\"url\":\"https:\\\/\\\/baumkletterschule.de\\\/kletterblatt\\\/\",\"name\":\"Kletterblatt\",\"description\":\"Das Online Archiv\",\"potentialAction\":[{\"@type\":\"SearchAction\",\"target\":{\"@type\":\"EntryPoint\",\"urlTemplate\":\"https:\\\/\\\/baumkletterschule.de\\\/kletterblatt\\\/?s={search_term_string}\"},\"query-input\":{\"@type\":\"PropertyValueSpecification\",\"valueRequired\":true,\"valueName\":\"search_term_string\"}}],\"inLanguage\":\"de\"},{\"@type\":\"Person\",\"@id\":\"https:\\\/\\\/baumkletterschule.de\\\/kletterblatt\\\/#\\\/schema\\\/person\\\/fd4a9e00063f1b0994f9f6152cbfe62f\",\"name\":\"Kletterblatt\",\"url\":\"https:\\\/\\\/baumkletterschule.de\\\/kletterblatt\\\/archiv\\\/author\\\/kletterblatt\"}]}<\/script>\n<!-- \/ Yoast SEO plugin. -->","yoast_head_json":{"title":"Baumpflege - ein Gesch\u00e4ft mit (der) Angst - Kletterblatt","robots":{"index":"index","follow":"follow","max-snippet":"max-snippet:-1","max-image-preview":"max-image-preview:large","max-video-preview":"max-video-preview:-1"},"canonical":"https:\/\/baumkletterschule.de\/kletterblatt\/archiv\/2006\/baumpflege-ein-geschaft-mit-der-angst","og_locale":"de_DE","og_type":"article","og_title":"Baumpflege - ein Gesch\u00e4ft mit (der) Angst - Kletterblatt","og_description":"Im Bereich Baumpflege treffen wenigstens drei Dinge aufeinander, die versagen k\u00f6nnen: der Mensch, das Material, der Baum. Die Ahnung von diesem m\u00f6glichen Versagen kann Angst verursachen.","og_url":"https:\/\/baumkletterschule.de\/kletterblatt\/archiv\/2006\/baumpflege-ein-geschaft-mit-der-angst","og_site_name":"Kletterblatt","article_published_time":"2006-04-15T19:30:21+00:00","article_modified_time":"2013-10-30T16:14:37+00:00","og_image":[{"url":"https:\/\/baumkletterschule.de\/kletterblatt\/wp-content\/uploads\/2006\/04\/KB06_10_Baumpflege-Geschaeft-Angst_Abbildung1.jpg","type":"","width":"","height":""}],"author":"Kletterblatt","twitter_misc":{"Verfasst von":"Kletterblatt","Gesch\u00e4tzte Lesezeit":"7\u00a0Minuten"},"schema":{"@context":"https:\/\/schema.org","@graph":[{"@type":"Article","@id":"https:\/\/baumkletterschule.de\/kletterblatt\/archiv\/2006\/baumpflege-ein-geschaft-mit-der-angst#article","isPartOf":{"@id":"https:\/\/baumkletterschule.de\/kletterblatt\/archiv\/2006\/baumpflege-ein-geschaft-mit-der-angst"},"author":{"name":"Kletterblatt","@id":"https:\/\/baumkletterschule.de\/kletterblatt\/#\/schema\/person\/fd4a9e00063f1b0994f9f6152cbfe62f"},"headline":"Baumpflege &#8211; ein Gesch\u00e4ft mit (der) Angst","datePublished":"2006-04-15T19:30:21+00:00","dateModified":"2013-10-30T16:14:37+00:00","mainEntityOfPage":{"@id":"https:\/\/baumkletterschule.de\/kletterblatt\/archiv\/2006\/baumpflege-ein-geschaft-mit-der-angst"},"wordCount":1313,"commentCount":0,"image":{"@id":"https:\/\/baumkletterschule.de\/kletterblatt\/archiv\/2006\/baumpflege-ein-geschaft-mit-der-angst#primaryimage"},"thumbnailUrl":"https:\/\/baumkletterschule.de\/kletterblatt\/wp-content\/uploads\/2006\/04\/KB06_10_Baumpflege-Geschaeft-Angst_Abbildung1.jpg","keywords":["Baumpflege","Klaus Sch\u00f6pe"],"articleSection":["Baumpflege","Report"],"inLanguage":"de","potentialAction":[{"@type":"CommentAction","name":"Comment","target":["https:\/\/baumkletterschule.de\/kletterblatt\/archiv\/2006\/baumpflege-ein-geschaft-mit-der-angst#respond"]}]},{"@type":"WebPage","@id":"https:\/\/baumkletterschule.de\/kletterblatt\/archiv\/2006\/baumpflege-ein-geschaft-mit-der-angst","url":"https:\/\/baumkletterschule.de\/kletterblatt\/archiv\/2006\/baumpflege-ein-geschaft-mit-der-angst","name":"Baumpflege - ein Gesch\u00e4ft mit (der) Angst - Kletterblatt","isPartOf":{"@id":"https:\/\/baumkletterschule.de\/kletterblatt\/#website"},"primaryImageOfPage":{"@id":"https:\/\/baumkletterschule.de\/kletterblatt\/archiv\/2006\/baumpflege-ein-geschaft-mit-der-angst#primaryimage"},"image":{"@id":"https:\/\/baumkletterschule.de\/kletterblatt\/archiv\/2006\/baumpflege-ein-geschaft-mit-der-angst#primaryimage"},"thumbnailUrl":"https:\/\/baumkletterschule.de\/kletterblatt\/wp-content\/uploads\/2006\/04\/KB06_10_Baumpflege-Geschaeft-Angst_Abbildung1.jpg","datePublished":"2006-04-15T19:30:21+00:00","dateModified":"2013-10-30T16:14:37+00:00","author":{"@id":"https:\/\/baumkletterschule.de\/kletterblatt\/#\/schema\/person\/fd4a9e00063f1b0994f9f6152cbfe62f"},"breadcrumb":{"@id":"https:\/\/baumkletterschule.de\/kletterblatt\/archiv\/2006\/baumpflege-ein-geschaft-mit-der-angst#breadcrumb"},"inLanguage":"de","potentialAction":[{"@type":"ReadAction","target":["https:\/\/baumkletterschule.de\/kletterblatt\/archiv\/2006\/baumpflege-ein-geschaft-mit-der-angst"]}]},{"@type":"ImageObject","inLanguage":"de","@id":"https:\/\/baumkletterschule.de\/kletterblatt\/archiv\/2006\/baumpflege-ein-geschaft-mit-der-angst#primaryimage","url":"https:\/\/baumkletterschule.de\/kletterblatt\/wp-content\/uploads\/2006\/04\/KB06_10_Baumpflege-Geschaeft-Angst_Abbildung1.jpg","contentUrl":"https:\/\/baumkletterschule.de\/kletterblatt\/wp-content\/uploads\/2006\/04\/KB06_10_Baumpflege-Geschaeft-Angst_Abbildung1.jpg","width":140,"height":123},{"@type":"BreadcrumbList","@id":"https:\/\/baumkletterschule.de\/kletterblatt\/archiv\/2006\/baumpflege-ein-geschaft-mit-der-angst#breadcrumb","itemListElement":[{"@type":"ListItem","position":1,"name":"Home","item":"https:\/\/baumkletterschule.de\/kletterblatt\/"},{"@type":"ListItem","position":2,"name":"Baumpflege &#8211; ein Gesch\u00e4ft mit (der) Angst"}]},{"@type":"WebSite","@id":"https:\/\/baumkletterschule.de\/kletterblatt\/#website","url":"https:\/\/baumkletterschule.de\/kletterblatt\/","name":"Kletterblatt","description":"Das Online Archiv","potentialAction":[{"@type":"SearchAction","target":{"@type":"EntryPoint","urlTemplate":"https:\/\/baumkletterschule.de\/kletterblatt\/?s={search_term_string}"},"query-input":{"@type":"PropertyValueSpecification","valueRequired":true,"valueName":"search_term_string"}}],"inLanguage":"de"},{"@type":"Person","@id":"https:\/\/baumkletterschule.de\/kletterblatt\/#\/schema\/person\/fd4a9e00063f1b0994f9f6152cbfe62f","name":"Kletterblatt","url":"https:\/\/baumkletterschule.de\/kletterblatt\/archiv\/author\/kletterblatt"}]}},"_links":{"self":[{"href":"https:\/\/baumkletterschule.de\/kletterblatt\/wp-json\/wp\/v2\/posts\/766","targetHints":{"allow":["GET"]}}],"collection":[{"href":"https:\/\/baumkletterschule.de\/kletterblatt\/wp-json\/wp\/v2\/posts"}],"about":[{"href":"https:\/\/baumkletterschule.de\/kletterblatt\/wp-json\/wp\/v2\/types\/post"}],"author":[{"embeddable":true,"href":"https:\/\/baumkletterschule.de\/kletterblatt\/wp-json\/wp\/v2\/users\/2"}],"replies":[{"embeddable":true,"href":"https:\/\/baumkletterschule.de\/kletterblatt\/wp-json\/wp\/v2\/comments?post=766"}],"version-history":[{"count":17,"href":"https:\/\/baumkletterschule.de\/kletterblatt\/wp-json\/wp\/v2\/posts\/766\/revisions"}],"predecessor-version":[{"id":2429,"href":"https:\/\/baumkletterschule.de\/kletterblatt\/wp-json\/wp\/v2\/posts\/766\/revisions\/2429"}],"wp:attachment":[{"href":"https:\/\/baumkletterschule.de\/kletterblatt\/wp-json\/wp\/v2\/media?parent=766"}],"wp:term":[{"taxonomy":"category","embeddable":true,"href":"https:\/\/baumkletterschule.de\/kletterblatt\/wp-json\/wp\/v2\/categories?post=766"},{"taxonomy":"post_tag","embeddable":true,"href":"https:\/\/baumkletterschule.de\/kletterblatt\/wp-json\/wp\/v2\/tags?post=766"}],"curies":[{"name":"wp","href":"https:\/\/api.w.org\/{rel}","templated":true}]}}